{"id":2454,"date":"2022-03-09T14:24:45","date_gmt":"2022-03-09T13:24:45","guid":{"rendered":"https:\/\/cairn-prehistoire.com\/?p=2454"},"modified":"2024-01-30T10:25:15","modified_gmt":"2024-01-30T09:25:15","slug":"nouveaute-2022-lexpo-neandertal","status":"publish","type":"post","link":"https:\/\/cairn-prehistoire.com\/index.php\/2022\/03\/09\/nouveaute-2022-lexpo-neandertal\/","title":{"rendered":"Nouveaut\u00e9 2022 : l&#8217;expo N\u00e9andertal"},"content":{"rendered":"\t\t<div data-elementor-type=\"wp-post\" data-elementor-id=\"2454\" class=\"elementor elementor-2454\" data-elementor-settings=\"[]\">\n\t\t\t\t\t\t<div class=\"elementor-inner\">\n\t\t\t\t\t\t\t<div class=\"elementor-section-wrap\">\n\t\t\t\t\t\t\t<section class=\"elementor-section elementor-top-section elementor-element elementor-element-3a289284 elementor-section-boxed elementor-section-height-default elementor-section-height-default\" data-id=\"3a289284\" data-element_type=\"section\">\n\t\t\t\t\t\t<div class=\"elementor-container elementor-column-gap-default\">\n\t\t\t\t\t\t\t<div class=\"elementor-row\">\n\t\t\t\t\t<div class=\"elementor-column elementor-col-100 elementor-top-column elementor-element elementor-element-63b328f5\" data-id=\"63b328f5\" data-element_type=\"column\">\n\t\t\t<div class=\"elementor-column-wrap elementor-element-populated\">\n\t\t\t\t\t\t\t<div class=\"elementor-widget-wrap\">\n\t\t\t\t\t\t<div class=\"elementor-element elementor-element-64f2901a elementor-widget elementor-widget-text-editor\" data-id=\"64f2901a\" data-element_type=\"widget\" data-widget_type=\"text-editor.default\">\n\t\t\t\t<div class=\"elementor-widget-container\">\n\t\t\t\t\t\t\t\t<div class=\"elementor-text-editor elementor-clearfix\">\n\t\t\t\t<p>\u00a0<\/p>\n<p><!-- wp:paragraph {\"backgroundColor\":\"luminous-vivid-amber\"} --><\/p>\n<p class=\"has-luminous-vivid-amber-background-color has-background\"><strong>DATES : <\/strong>du 10 avril au 5 novembre<\/p>\n<p><!-- \/wp:paragraph --><\/p>\n<p><!-- wp:paragraph --><\/p>\n<p><strong>Le Pr\u00e9histo&#8217;site vous invite \u00e0 la rencontre de l&#8217;homme de N\u00e9andertal dans une exposition permanente pour l&#8217;ensemble de l&#8217;ann\u00e9e 2022.<\/strong><\/p>\n<p>\u00a0<\/p>\n<p>De nombreuses activit\u00e9s sont au rendez-vous :<\/p>\n<p><!-- \/wp:paragraph --><\/p>\n<p><!-- wp:columns --><\/p>\n<div class=\"wp-block-columns\">\n<div class=\"wp-block-column\">\n<ul>\n<li>Manipulation de moulages arch\u00e9ologiques<\/li>\n<li>Interaction sur des \u00e9crans tactiles<\/li>\n<\/ul>\n<p>\u00a0<\/p>\n<p>\u00a0<\/p>\n<p>\u00a0<\/p>\n<p><a href=\"https:\/\/cairn-prehistoire.com\/wp-content\/uploads\/2022\/03\/Com-presse-V2-EXPO-NEANDERTAL-eventsV2.pdf\" target=\"_blank\" rel=\"noopener\">\u2192\u00a0 Pour plus d&#8217;informations<\/a><\/p>\n<\/div>\n<\/div>\n<p>\u00a0<\/p>\n<p><!-- \/wp:columns --><\/p>\t\t\t\t\t<\/div>\n\t\t\t\t\t\t<\/div>\n\t\t\t\t<\/div>\n\t\t\t\t<div class=\"elementor-element elementor-element-0c41a8f elementor-absolute elementor-widget elementor-widget-image\" data-id=\"0c41a8f\" data-element_type=\"widget\" data-settings=\"{&quot;_position&quot;:&quot;absolute&quot;}\" data-widget_type=\"image.default\">\n\t\t\t\t<div class=\"elementor-widget-container\">\n\t\t\t\t\t\t\t\t<div class=\"elementor-image\">\n\t\t\t\t\t\t\t\t\t\t\t\t<img width=\"200\" height=\"300\" src=\"https:\/\/cairn-prehistoire.com\/wp-content\/uploads\/2022\/03\/caveman-manly-boy-outdoors-ancient-prehistoric-warrior-200x300.jpg\" class=\"attachment-medium size-medium\" alt=\"\" loading=\"lazy\" srcset=\"https:\/\/cairn-prehistoire.com\/wp-content\/uploads\/2022\/03\/caveman-manly-boy-outdoors-ancient-prehistoric-warrior-200x300.jpg 200w, https:\/\/cairn-prehistoire.com\/wp-content\/uploads\/2022\/03\/caveman-manly-boy-outdoors-ancient-prehistoric-warrior-683x1024.jpg 683w, https:\/\/cairn-prehistoire.com\/wp-content\/uploads\/2022\/03\/caveman-manly-boy-outdoors-ancient-prehistoric-warrior-768x1152.jpg 768w, https:\/\/cairn-prehistoire.com\/wp-content\/uploads\/2022\/03\/caveman-manly-boy-outdoors-ancient-prehistoric-warrior-1024x1536.jpg 1024w, https:\/\/cairn-prehistoire.com\/wp-content\/uploads\/2022\/03\/caveman-manly-boy-outdoors-ancient-prehistoric-warrior-1365x2048.jpg 1365w, https:\/\/cairn-prehistoire.com\/wp-content\/uploads\/2022\/03\/caveman-manly-boy-outdoors-ancient-prehistoric-warrior-600x900.jpg 600w, https:\/\/cairn-prehistoire.com\/wp-content\/uploads\/2022\/03\/caveman-manly-boy-outdoors-ancient-prehistoric-warrior-scaled.jpg 1707w\" sizes=\"(max-width: 200px) 100vw, 200px\" \/>\t\t\t\t\t\t\t\t\t\t\t\t\t\t<\/div>\n\t\t\t\t\t\t<\/div>\n\t\t\t\t<\/div>\n\t\t\t\t\t\t<\/div>\n\t\t\t\t\t<\/div>\n\t\t<\/div>\n\t\t\t\t\t\t\t\t<\/div>\n\t\t\t\t\t<\/div>\n\t\t<\/section>\n\t\t\t\t<section class=\"elementor-section elementor-top-section elementor-element elementor-element-1a26495 elementor-section-boxed elementor-section-height-default elementor-section-height-default\" data-id=\"1a26495\" data-element_type=\"section\">\n\t\t\t\t\t\t<div class=\"elementor-container elementor-column-gap-default\">\n\t\t\t\t\t\t\t<div class=\"elementor-row\">\n\t\t\t\t\t<div class=\"elementor-column elementor-col-100 elementor-top-column elementor-element elementor-element-5fb3b69\" data-id=\"5fb3b69\" data-element_type=\"column\">\n\t\t\t<div class=\"elementor-column-wrap elementor-element-populated\">\n\t\t\t\t\t\t\t<div class=\"elementor-widget-wrap\">\n\t\t\t\t\t\t<div class=\"elementor-element elementor-element-fb24bf4 elementor-widget elementor-widget-text-editor\" data-id=\"fb24bf4\" data-element_type=\"widget\" data-widget_type=\"text-editor.default\">\n\t\t\t\t<div class=\"elementor-widget-container\">\n\t\t\t\t\t\t\t\t<div class=\"elementor-text-editor elementor-clearfix\">\n\t\t\t\t\t\t\t\t\t<\/div>\n\t\t\t\t\t\t<\/div>\n\t\t\t\t<\/div>\n\t\t\t\t\t\t<\/div>\n\t\t\t\t\t<\/div>\n\t\t<\/div>\n\t\t\t\t\t\t\t\t<\/div>\n\t\t\t\t\t<\/div>\n\t\t<\/section>\n\t\t\t\t\t\t<\/div>\n\t\t\t\t\t\t<\/div>\n\t\t\t\t\t<\/div>\n\t\t","protected":false},"excerpt":{"rendered":"<p>\u00a0 DATES : du 10 avril au 5 novembre Le Pr\u00e9histo&#8217;site vous invite \u00e0 la rencontre de l&#8217;homme de N\u00e9andertal&hellip;<\/p>\n","protected":false},"author":1,"featured_media":0,"comment_status":"closed","ping_status":"open","sticky":false,"template":"","format":"standard","meta":{"_mi_skip_tracking":false,"_monsterinsights_sitenote_active":false,"_monsterinsights_sitenote_note":"","_monsterinsights_sitenote_category":0},"categories":[1],"tags":[],"_links":{"self":[{"href":"https:\/\/cairn-prehistoire.com\/index.php\/wp-json\/wp\/v2\/posts\/2454"}],"collection":[{"href":"https:\/\/cairn-prehistoire.com\/index.php\/wp-json\/wp\/v2\/posts"}],"about":[{"href":"https:\/\/cairn-prehistoire.com\/index.php\/wp-json\/wp\/v2\/types\/post"}],"author":[{"embeddable":true,"href":"https:\/\/cairn-prehistoire.com\/index.php\/wp-json\/wp\/v2\/users\/1"}],"replies":[{"embeddable":true,"href":"https:\/\/cairn-prehistoire.com\/index.php\/wp-json\/wp\/v2\/comments?post=2454"}],"version-history":[{"count":25,"href":"https:\/\/cairn-prehistoire.com\/index.php\/wp-json\/wp\/v2\/posts\/2454\/revisions"}],"predecessor-version":[{"id":2484,"href":"https:\/\/cairn-prehistoire.com\/index.php\/wp-json\/wp\/v2\/posts\/2454\/revisions\/2484"}],"wp:attachment":[{"href":"https:\/\/cairn-prehistoire.com\/index.php\/wp-json\/wp\/v2\/media?parent=2454"}],"wp:term":[{"taxonomy":"category","embeddable":true,"href":"https:\/\/cairn-prehistoire.com\/index.php\/wp-json\/wp\/v2\/categories?post=2454"},{"taxonomy":"post_tag","embeddable":true,"href":"https:\/\/cairn-prehistoire.com\/index.php\/wp-json\/wp\/v2\/tags?post=2454"}],"curies":[{"name":"wp","href":"https:\/\/api.w.org\/{rel}","templated":true}]}}