{"id":2502,"date":"2022-05-09T16:01:24","date_gmt":"2022-05-09T14:01:24","guid":{"rendered":"https:\/\/cairn-prehistoire.com\/?p=2502"},"modified":"2024-01-30T10:25:15","modified_gmt":"2024-01-30T09:25:15","slug":"journees-europeennes-archeologie-19-juin-2022","status":"publish","type":"post","link":"https:\/\/cairn-prehistoire.com\/index.php\/2022\/05\/09\/journees-europeennes-archeologie-19-juin-2022\/","title":{"rendered":"Journ\u00e9es Europ\u00e9ennes de l&#8217;Arch\u00e9ologie &#8211; 19 juin"},"content":{"rendered":"\t\t<div data-elementor-type=\"wp-post\" data-elementor-id=\"2502\" class=\"elementor elementor-2502\" data-elementor-settings=\"[]\">\n\t\t\t\t\t\t<div class=\"elementor-inner\">\n\t\t\t\t\t\t\t<div class=\"elementor-section-wrap\">\n\t\t\t\t\t\t\t<section class=\"elementor-section elementor-top-section elementor-element elementor-element-3511120 elementor-section-boxed elementor-section-height-default elementor-section-height-default\" data-id=\"3511120\" data-element_type=\"section\">\n\t\t\t\t\t\t<div class=\"elementor-container elementor-column-gap-default\">\n\t\t\t\t\t\t\t<div class=\"elementor-row\">\n\t\t\t\t\t<div class=\"elementor-column elementor-col-100 elementor-top-column elementor-element elementor-element-5967976\" data-id=\"5967976\" data-element_type=\"column\">\n\t\t\t<div class=\"elementor-column-wrap elementor-element-populated\">\n\t\t\t\t\t\t\t<div class=\"elementor-widget-wrap\">\n\t\t\t\t\t\t<div class=\"elementor-element elementor-element-0276339 elementor-widget elementor-widget-text-editor\" data-id=\"0276339\" data-element_type=\"widget\" data-widget_type=\"text-editor.default\">\n\t\t\t\t<div class=\"elementor-widget-container\">\n\t\t\t\t\t\t\t\t<div class=\"elementor-text-editor elementor-clearfix\">\n\t\t\t\t<p><!-- wp:paragraph {\"backgroundColor\":\"luminous-vivid-amber\"} --><\/p><p class=\"has-luminous-vivid-amber-background-color has-background\">DATES<strong> : <\/strong>Dimanche 19 juin de 14h \u00e0 18h<\/p><p><!-- \/wp:paragraph --><\/p><p><!-- wp:paragraph --><\/p><p><strong>A l&#8217;occasion des Journ\u00e9es Europ\u00e9ennes de l&#8217;Arch\u00e9ologie, le Pr\u00e9histo&#8217;site vous convie pour une journ\u00e9e centr\u00e9e autour de la discipline !<br \/><\/strong><\/p><p>De nombreuses activit\u00e9s seront au rendez-vous :<\/p><p><!-- \/wp:paragraph --><\/p><p><!-- wp:columns --><\/p><div class=\"wp-block-columns\"><div class=\"wp-block-column\"><ul><li>Atelier Fouilles arch\u00e9ologiques <strong>(r\u00e9servation conseill\u00e9e au 02 51 33 38 38)<\/strong><\/li><li>D\u00e9placement de menhir<\/li><li>D\u00e9monstration de feu et de chasse<\/li><\/ul><\/div><\/div><p><!-- \/wp:columns --><\/p>\t\t\t\t\t<\/div>\n\t\t\t\t\t\t<\/div>\n\t\t\t\t<\/div>\n\t\t\t\t\t\t<\/div>\n\t\t\t\t\t<\/div>\n\t\t<\/div>\n\t\t\t\t\t\t\t\t<\/div>\n\t\t\t\t\t<\/div>\n\t\t<\/section>\n\t\t\t\t<section class=\"elementor-section elementor-top-section elementor-element elementor-element-a5102f7 elementor-section-boxed elementor-section-height-default elementor-section-height-default\" data-id=\"a5102f7\" data-element_type=\"section\">\n\t\t\t\t\t\t<div class=\"elementor-container elementor-column-gap-default\">\n\t\t\t\t\t\t\t<div class=\"elementor-row\">\n\t\t\t\t\t<div class=\"elementor-column elementor-col-100 elementor-top-column elementor-element elementor-element-0077ba6\" data-id=\"0077ba6\" data-element_type=\"column\">\n\t\t\t<div class=\"elementor-column-wrap elementor-element-populated\">\n\t\t\t\t\t\t\t<div class=\"elementor-widget-wrap\">\n\t\t\t\t\t\t<div class=\"elementor-element elementor-element-580f947 elementor-widget elementor-widget-image\" data-id=\"580f947\" data-element_type=\"widget\" data-widget_type=\"image.default\">\n\t\t\t\t<div class=\"elementor-widget-container\">\n\t\t\t\t\t\t\t\t<div class=\"elementor-image\">\n\t\t\t\t\t\t\t\t\t\t\t\t<img width=\"768\" height=\"1086\" src=\"https:\/\/cairn-prehistoire.com\/wp-content\/uploads\/2022\/05\/visuel-JEA-2022-web-002-768x1086.jpg\" class=\"attachment-medium_large size-medium_large\" alt=\"\" loading=\"lazy\" srcset=\"https:\/\/cairn-prehistoire.com\/wp-content\/uploads\/2022\/05\/visuel-JEA-2022-web-002-768x1086.jpg 768w, https:\/\/cairn-prehistoire.com\/wp-content\/uploads\/2022\/05\/visuel-JEA-2022-web-002-212x300.jpg 212w, https:\/\/cairn-prehistoire.com\/wp-content\/uploads\/2022\/05\/visuel-JEA-2022-web-002-724x1024.jpg 724w, https:\/\/cairn-prehistoire.com\/wp-content\/uploads\/2022\/05\/visuel-JEA-2022-web-002-1086x1536.jpg 1086w, https:\/\/cairn-prehistoire.com\/wp-content\/uploads\/2022\/05\/visuel-JEA-2022-web-002-1448x2048.jpg 1448w, https:\/\/cairn-prehistoire.com\/wp-content\/uploads\/2022\/05\/visuel-JEA-2022-web-002-600x849.jpg 600w, https:\/\/cairn-prehistoire.com\/wp-content\/uploads\/2022\/05\/visuel-JEA-2022-web-002-scaled.jpg 1810w\" sizes=\"(max-width: 768px) 100vw, 768px\" \/>\t\t\t\t\t\t\t\t\t\t\t\t\t\t<\/div>\n\t\t\t\t\t\t<\/div>\n\t\t\t\t<\/div>\n\t\t\t\t\t\t<\/div>\n\t\t\t\t\t<\/div>\n\t\t<\/div>\n\t\t\t\t\t\t\t\t<\/div>\n\t\t\t\t\t<\/div>\n\t\t<\/section>\n\t\t\t\t\t\t<\/div>\n\t\t\t\t\t\t<\/div>\n\t\t\t\t\t<\/div>\n\t\t","protected":false},"excerpt":{"rendered":"<p>DATES : Dimanche 19 juin de 14h \u00e0 18h A l&#8217;occasion des Journ\u00e9es Europ\u00e9ennes de l&#8217;Arch\u00e9ologie, le Pr\u00e9histo&#8217;site vous convie&hellip;<\/p>\n","protected":false},"author":1,"featured_media":0,"comment_status":"closed","ping_status":"open","sticky":false,"template":"","format":"standard","meta":{"_mi_skip_tracking":false,"_monsterinsights_sitenote_active":false,"_monsterinsights_sitenote_note":"","_monsterinsights_sitenote_category":0},"categories":[1],"tags":[],"_links":{"self":[{"href":"https:\/\/cairn-prehistoire.com\/index.php\/wp-json\/wp\/v2\/posts\/2502"}],"collection":[{"href":"https:\/\/cairn-prehistoire.com\/index.php\/wp-json\/wp\/v2\/posts"}],"about":[{"href":"https:\/\/cairn-prehistoire.com\/index.php\/wp-json\/wp\/v2\/types\/post"}],"author":[{"embeddable":true,"href":"https:\/\/cairn-prehistoire.com\/index.php\/wp-json\/wp\/v2\/users\/1"}],"replies":[{"embeddable":true,"href":"https:\/\/cairn-prehistoire.com\/index.php\/wp-json\/wp\/v2\/comments?post=2502"}],"version-history":[{"count":8,"href":"https:\/\/cairn-prehistoire.com\/index.php\/wp-json\/wp\/v2\/posts\/2502\/revisions"}],"predecessor-version":[{"id":2511,"href":"https:\/\/cairn-prehistoire.com\/index.php\/wp-json\/wp\/v2\/posts\/2502\/revisions\/2511"}],"wp:attachment":[{"href":"https:\/\/cairn-prehistoire.com\/index.php\/wp-json\/wp\/v2\/media?parent=2502"}],"wp:term":[{"taxonomy":"category","embeddable":true,"href":"https:\/\/cairn-prehistoire.com\/index.php\/wp-json\/wp\/v2\/categories?post=2502"},{"taxonomy":"post_tag","embeddable":true,"href":"https:\/\/cairn-prehistoire.com\/index.php\/wp-json\/wp\/v2\/tags?post=2502"}],"curies":[{"name":"wp","href":"https:\/\/api.w.org\/{rel}","templated":true}]}}